{"id":29076,"date":"2025-10-27T12:08:04","date_gmt":"2025-10-27T12:08:04","guid":{"rendered":"https:\/\/visegradlegal.hu\/?p=29076"},"modified":"2025-10-27T12:08:04","modified_gmt":"2025-10-27T12:08:04","slug":"congratulations-to-dr-mercedesz-soos-on-taking-her-junior-lawyers-oath","status":"publish","type":"post","link":"https:\/\/visegradlegal.hu\/en\/uncategorized\/congratulations-to-dr-mercedesz-soos-on-taking-her-junior-lawyers-oath\/","title":{"rendered":"Congratulations to Dr. Merc\u00e9desz So\u00f3s on taking her junior lawyer\u2019s oath!"},"content":{"rendered":"<p data-start=\"151\" data-end=\"359\">We are pleased to announce that our colleague, Dr. Merc\u00e9desz So\u00f3s, has successfully completed her law studies and, following the attainment of her degree, has taken her oath as a trainee lawyer.<\/p>\n<p data-start=\"361\" data-end=\"636\">Over the past four years, she has supported the daily operations of our firm \u2014 first in an administrative role and later as a legal intern. With her professional commitment and conscientious work, she has already contributed greatly to the smooth running of our office.<\/p>\n<p data-start=\"638\" data-end=\"847\">Now, a new chapter begins: she continues her career with us as a trainee lawyer. We are proud of her and confident that her dedication and diligence will ensure she remains a valuable member of our team.<\/p>\n<p data-start=\"849\" data-end=\"946\">Congratulations, and we wish her every success in the next stage of her professional journey.<\/p>\n","protected":false},"excerpt":{"rendered":"<p>We are pleased to announce that our colleague, Dr. Merc\u00e9desz So\u00f3s, has successfully completed her law studies and, following the attainment of her degree, has taken her oath as a trainee lawyer.<\/p>\n","protected":false},"author":4,"featured_media":29073,"comment_status":"closed","ping_status":"closed","sticky":false,"template":"","format":"standard","meta":{"_et_pb_use_builder":"","_et_pb_old_content":"","_et_gb_content_width":"","footnotes":""},"categories":[8],"tags":[],"class_list":["post-29076","post","type-post","status-publish","format-standard","has-post-thumbnail","hentry","category-uncategorized"],"yoast_head":"<!-- This site is optimized with the Yoast SEO plugin v27.2 - https:\/\/yoast.com\/product\/yoast-seo-wordpress\/ -->\n<title>Congratulations to Dr. Merc\u00e9desz So\u00f3s on taking her junior lawyer\u2019s oath! - Ill\u00e9s&amp;N\u00e9meth Association of Lawyers<\/title>\n<meta name=\"robots\" content=\"index, follow, max-snippet:-1, max-image-preview:large, max-video-preview:-1\" \/>\n<link rel=\"canonical\" href=\"https:\/\/visegradlegal.hu\/en\/uncategorized\/congratulations-to-dr-mercedesz-soos-on-taking-her-junior-lawyers-oath\/\" \/>\n<meta property=\"og:locale\" content=\"en_US\" \/>\n<meta property=\"og:type\" content=\"article\" \/>\n<meta property=\"og:title\" content=\"Congratulations to Dr. Merc\u00e9desz So\u00f3s on taking her junior lawyer\u2019s oath! - Ill\u00e9s&amp;N\u00e9meth Association of Lawyers\" \/>\n<meta property=\"og:description\" content=\"We are pleased to announce that our colleague, Dr. Merc\u00e9desz So\u00f3s, has successfully completed her law studies and, following the attainment of her degree, has taken her oath as a trainee lawyer.\" \/>\n<meta property=\"og:url\" content=\"https:\/\/visegradlegal.hu\/en\/uncategorized\/congratulations-to-dr-mercedesz-soos-on-taking-her-junior-lawyers-oath\/\" \/>\n<meta property=\"og:site_name\" content=\"Ill\u00e9s&amp;N\u00e9meth Association of Lawyers\" \/>\n<meta property=\"article:published_time\" content=\"2025-10-27T12:08:04+00:00\" \/>\n<meta property=\"og:image\" content=\"https:\/\/visegradlegal.hu\/wp-content\/uploads\/2025\/10\/Merci-diploma.jpg\" \/>\n\t<meta property=\"og:image:width\" content=\"414\" \/>\n\t<meta property=\"og:image:height\" content=\"619\" \/>\n\t<meta property=\"og:image:type\" content=\"image\/jpeg\" \/>\n<meta name=\"author\" content=\"zsuzsa.tarnai\" \/>\n<meta name=\"twitter:card\" content=\"summary_large_image\" \/>\n<meta name=\"twitter:label1\" content=\"Written by\" \/>\n\t<meta name=\"twitter:data1\" content=\"zsuzsa.tarnai\" \/>\n\t<meta name=\"twitter:label2\" content=\"Est. reading time\" \/>\n\t<meta name=\"twitter:data2\" content=\"1 minute\" \/>\n<script type=\"application\/ld+json\" class=\"yoast-schema-graph\">{\"@context\":\"https:\/\/schema.org\",\"@graph\":[{\"@type\":\"Article\",\"@id\":\"https:\/\/visegradlegal.hu\/en\/uncategorized\/congratulations-to-dr-mercedesz-soos-on-taking-her-junior-lawyers-oath\/#article\",\"isPartOf\":{\"@id\":\"https:\/\/visegradlegal.hu\/en\/uncategorized\/congratulations-to-dr-mercedesz-soos-on-taking-her-junior-lawyers-oath\/\"},\"author\":{\"name\":\"zsuzsa.tarnai\",\"@id\":\"https:\/\/visegradlegal.hu\/#\/schema\/person\/ae42fb5e922994c4dc57acd19050ca6f\"},\"headline\":\"Congratulations to Dr. Merc\u00e9desz So\u00f3s on taking her junior lawyer\u2019s oath!\",\"datePublished\":\"2025-10-27T12:08:04+00:00\",\"mainEntityOfPage\":{\"@id\":\"https:\/\/visegradlegal.hu\/en\/uncategorized\/congratulations-to-dr-mercedesz-soos-on-taking-her-junior-lawyers-oath\/\"},\"wordCount\":144,\"image\":{\"@id\":\"https:\/\/visegradlegal.hu\/en\/uncategorized\/congratulations-to-dr-mercedesz-soos-on-taking-her-junior-lawyers-oath\/#primaryimage\"},\"thumbnailUrl\":\"https:\/\/visegradlegal.hu\/wp-content\/uploads\/2025\/10\/Merci-diploma.jpg\",\"inLanguage\":\"en-US\"},{\"@type\":\"WebPage\",\"@id\":\"https:\/\/visegradlegal.hu\/en\/uncategorized\/congratulations-to-dr-mercedesz-soos-on-taking-her-junior-lawyers-oath\/\",\"url\":\"https:\/\/visegradlegal.hu\/en\/uncategorized\/congratulations-to-dr-mercedesz-soos-on-taking-her-junior-lawyers-oath\/\",\"name\":\"Congratulations to Dr. Merc\u00e9desz So\u00f3s on taking her junior lawyer\u2019s oath! - Ill\u00e9s&N\u00e9meth Association of Lawyers\",\"isPartOf\":{\"@id\":\"https:\/\/visegradlegal.hu\/#website\"},\"primaryImageOfPage\":{\"@id\":\"https:\/\/visegradlegal.hu\/en\/uncategorized\/congratulations-to-dr-mercedesz-soos-on-taking-her-junior-lawyers-oath\/#primaryimage\"},\"image\":{\"@id\":\"https:\/\/visegradlegal.hu\/en\/uncategorized\/congratulations-to-dr-mercedesz-soos-on-taking-her-junior-lawyers-oath\/#primaryimage\"},\"thumbnailUrl\":\"https:\/\/visegradlegal.hu\/wp-content\/uploads\/2025\/10\/Merci-diploma.jpg\",\"datePublished\":\"2025-10-27T12:08:04+00:00\",\"author\":{\"@id\":\"https:\/\/visegradlegal.hu\/#\/schema\/person\/ae42fb5e922994c4dc57acd19050ca6f\"},\"breadcrumb\":{\"@id\":\"https:\/\/visegradlegal.hu\/en\/uncategorized\/congratulations-to-dr-mercedesz-soos-on-taking-her-junior-lawyers-oath\/#breadcrumb\"},\"inLanguage\":\"en-US\",\"potentialAction\":[{\"@type\":\"ReadAction\",\"target\":[\"https:\/\/visegradlegal.hu\/en\/uncategorized\/congratulations-to-dr-mercedesz-soos-on-taking-her-junior-lawyers-oath\/\"]}]},{\"@type\":\"ImageObject\",\"inLanguage\":\"en-US\",\"@id\":\"https:\/\/visegradlegal.hu\/en\/uncategorized\/congratulations-to-dr-mercedesz-soos-on-taking-her-junior-lawyers-oath\/#primaryimage\",\"url\":\"https:\/\/visegradlegal.hu\/wp-content\/uploads\/2025\/10\/Merci-diploma.jpg\",\"contentUrl\":\"https:\/\/visegradlegal.hu\/wp-content\/uploads\/2025\/10\/Merci-diploma.jpg\",\"width\":414,\"height\":619},{\"@type\":\"BreadcrumbList\",\"@id\":\"https:\/\/visegradlegal.hu\/en\/uncategorized\/congratulations-to-dr-mercedesz-soos-on-taking-her-junior-lawyers-oath\/#breadcrumb\",\"itemListElement\":[{\"@type\":\"ListItem\",\"position\":1,\"name\":\"Home\",\"item\":\"https:\/\/visegradlegal.hu\/\"},{\"@type\":\"ListItem\",\"position\":2,\"name\":\"Congratulations to Dr. Merc\u00e9desz So\u00f3s on taking her junior lawyer\u2019s oath!\"}]},{\"@type\":\"WebSite\",\"@id\":\"https:\/\/visegradlegal.hu\/#website\",\"url\":\"https:\/\/visegradlegal.hu\/\",\"name\":\"Ill\u00e9s&N\u00e9meth Association of Lawyers\",\"description\":\"\",\"potentialAction\":[{\"@type\":\"SearchAction\",\"target\":{\"@type\":\"EntryPoint\",\"urlTemplate\":\"https:\/\/visegradlegal.hu\/?s={search_term_string}\"},\"query-input\":{\"@type\":\"PropertyValueSpecification\",\"valueRequired\":true,\"valueName\":\"search_term_string\"}}],\"inLanguage\":\"en-US\"},{\"@type\":\"Person\",\"@id\":\"https:\/\/visegradlegal.hu\/#\/schema\/person\/ae42fb5e922994c4dc57acd19050ca6f\",\"name\":\"zsuzsa.tarnai\",\"image\":{\"@type\":\"ImageObject\",\"inLanguage\":\"en-US\",\"@id\":\"https:\/\/secure.gravatar.com\/avatar\/cbd05f3556f91269b699f0ea633f1ed0ccff313584cd089dcbaef33e2ec79c10?s=96&r=g\",\"url\":\"https:\/\/secure.gravatar.com\/avatar\/cbd05f3556f91269b699f0ea633f1ed0ccff313584cd089dcbaef33e2ec79c10?s=96&r=g\",\"contentUrl\":\"https:\/\/secure.gravatar.com\/avatar\/cbd05f3556f91269b699f0ea633f1ed0ccff313584cd089dcbaef33e2ec79c10?s=96&r=g\",\"caption\":\"zsuzsa.tarnai\"}}]}<\/script>\n<!-- \/ Yoast SEO plugin. -->","yoast_head_json":{"title":"Congratulations to Dr. Merc\u00e9desz So\u00f3s on taking her junior lawyer\u2019s oath! - Ill\u00e9s&N\u00e9meth Association of Lawyers","robots":{"index":"index","follow":"follow","max-snippet":"max-snippet:-1","max-image-preview":"max-image-preview:large","max-video-preview":"max-video-preview:-1"},"canonical":"https:\/\/visegradlegal.hu\/en\/uncategorized\/congratulations-to-dr-mercedesz-soos-on-taking-her-junior-lawyers-oath\/","og_locale":"en_US","og_type":"article","og_title":"Congratulations to Dr. Merc\u00e9desz So\u00f3s on taking her junior lawyer\u2019s oath! - Ill\u00e9s&N\u00e9meth Association of Lawyers","og_description":"We are pleased to announce that our colleague, Dr. Merc\u00e9desz So\u00f3s, has successfully completed her law studies and, following the attainment of her degree, has taken her oath as a trainee lawyer.","og_url":"https:\/\/visegradlegal.hu\/en\/uncategorized\/congratulations-to-dr-mercedesz-soos-on-taking-her-junior-lawyers-oath\/","og_site_name":"Ill\u00e9s&N\u00e9meth Association of Lawyers","article_published_time":"2025-10-27T12:08:04+00:00","og_image":[{"width":414,"height":619,"url":"https:\/\/visegradlegal.hu\/wp-content\/uploads\/2025\/10\/Merci-diploma.jpg","type":"image\/jpeg"}],"author":"zsuzsa.tarnai","twitter_card":"summary_large_image","twitter_misc":{"Written by":"zsuzsa.tarnai","Est. reading time":"1 minute"},"schema":{"@context":"https:\/\/schema.org","@graph":[{"@type":"Article","@id":"https:\/\/visegradlegal.hu\/en\/uncategorized\/congratulations-to-dr-mercedesz-soos-on-taking-her-junior-lawyers-oath\/#article","isPartOf":{"@id":"https:\/\/visegradlegal.hu\/en\/uncategorized\/congratulations-to-dr-mercedesz-soos-on-taking-her-junior-lawyers-oath\/"},"author":{"name":"zsuzsa.tarnai","@id":"https:\/\/visegradlegal.hu\/#\/schema\/person\/ae42fb5e922994c4dc57acd19050ca6f"},"headline":"Congratulations to Dr. Merc\u00e9desz So\u00f3s on taking her junior lawyer\u2019s oath!","datePublished":"2025-10-27T12:08:04+00:00","mainEntityOfPage":{"@id":"https:\/\/visegradlegal.hu\/en\/uncategorized\/congratulations-to-dr-mercedesz-soos-on-taking-her-junior-lawyers-oath\/"},"wordCount":144,"image":{"@id":"https:\/\/visegradlegal.hu\/en\/uncategorized\/congratulations-to-dr-mercedesz-soos-on-taking-her-junior-lawyers-oath\/#primaryimage"},"thumbnailUrl":"https:\/\/visegradlegal.hu\/wp-content\/uploads\/2025\/10\/Merci-diploma.jpg","inLanguage":"en-US"},{"@type":"WebPage","@id":"https:\/\/visegradlegal.hu\/en\/uncategorized\/congratulations-to-dr-mercedesz-soos-on-taking-her-junior-lawyers-oath\/","url":"https:\/\/visegradlegal.hu\/en\/uncategorized\/congratulations-to-dr-mercedesz-soos-on-taking-her-junior-lawyers-oath\/","name":"Congratulations to Dr. Merc\u00e9desz So\u00f3s on taking her junior lawyer\u2019s oath! - Ill\u00e9s&N\u00e9meth Association of Lawyers","isPartOf":{"@id":"https:\/\/visegradlegal.hu\/#website"},"primaryImageOfPage":{"@id":"https:\/\/visegradlegal.hu\/en\/uncategorized\/congratulations-to-dr-mercedesz-soos-on-taking-her-junior-lawyers-oath\/#primaryimage"},"image":{"@id":"https:\/\/visegradlegal.hu\/en\/uncategorized\/congratulations-to-dr-mercedesz-soos-on-taking-her-junior-lawyers-oath\/#primaryimage"},"thumbnailUrl":"https:\/\/visegradlegal.hu\/wp-content\/uploads\/2025\/10\/Merci-diploma.jpg","datePublished":"2025-10-27T12:08:04+00:00","author":{"@id":"https:\/\/visegradlegal.hu\/#\/schema\/person\/ae42fb5e922994c4dc57acd19050ca6f"},"breadcrumb":{"@id":"https:\/\/visegradlegal.hu\/en\/uncategorized\/congratulations-to-dr-mercedesz-soos-on-taking-her-junior-lawyers-oath\/#breadcrumb"},"inLanguage":"en-US","potentialAction":[{"@type":"ReadAction","target":["https:\/\/visegradlegal.hu\/en\/uncategorized\/congratulations-to-dr-mercedesz-soos-on-taking-her-junior-lawyers-oath\/"]}]},{"@type":"ImageObject","inLanguage":"en-US","@id":"https:\/\/visegradlegal.hu\/en\/uncategorized\/congratulations-to-dr-mercedesz-soos-on-taking-her-junior-lawyers-oath\/#primaryimage","url":"https:\/\/visegradlegal.hu\/wp-content\/uploads\/2025\/10\/Merci-diploma.jpg","contentUrl":"https:\/\/visegradlegal.hu\/wp-content\/uploads\/2025\/10\/Merci-diploma.jpg","width":414,"height":619},{"@type":"BreadcrumbList","@id":"https:\/\/visegradlegal.hu\/en\/uncategorized\/congratulations-to-dr-mercedesz-soos-on-taking-her-junior-lawyers-oath\/#breadcrumb","itemListElement":[{"@type":"ListItem","position":1,"name":"Home","item":"https:\/\/visegradlegal.hu\/"},{"@type":"ListItem","position":2,"name":"Congratulations to Dr. Merc\u00e9desz So\u00f3s on taking her junior lawyer\u2019s oath!"}]},{"@type":"WebSite","@id":"https:\/\/visegradlegal.hu\/#website","url":"https:\/\/visegradlegal.hu\/","name":"Ill\u00e9s&N\u00e9meth Association of Lawyers","description":"","potentialAction":[{"@type":"SearchAction","target":{"@type":"EntryPoint","urlTemplate":"https:\/\/visegradlegal.hu\/?s={search_term_string}"},"query-input":{"@type":"PropertyValueSpecification","valueRequired":true,"valueName":"search_term_string"}}],"inLanguage":"en-US"},{"@type":"Person","@id":"https:\/\/visegradlegal.hu\/#\/schema\/person\/ae42fb5e922994c4dc57acd19050ca6f","name":"zsuzsa.tarnai","image":{"@type":"ImageObject","inLanguage":"en-US","@id":"https:\/\/secure.gravatar.com\/avatar\/cbd05f3556f91269b699f0ea633f1ed0ccff313584cd089dcbaef33e2ec79c10?s=96&r=g","url":"https:\/\/secure.gravatar.com\/avatar\/cbd05f3556f91269b699f0ea633f1ed0ccff313584cd089dcbaef33e2ec79c10?s=96&r=g","contentUrl":"https:\/\/secure.gravatar.com\/avatar\/cbd05f3556f91269b699f0ea633f1ed0ccff313584cd089dcbaef33e2ec79c10?s=96&r=g","caption":"zsuzsa.tarnai"}}]}},"_links":{"self":[{"href":"https:\/\/visegradlegal.hu\/en\/wp-json\/wp\/v2\/posts\/29076","targetHints":{"allow":["GET"]}}],"collection":[{"href":"https:\/\/visegradlegal.hu\/en\/wp-json\/wp\/v2\/posts"}],"about":[{"href":"https:\/\/visegradlegal.hu\/en\/wp-json\/wp\/v2\/types\/post"}],"author":[{"embeddable":true,"href":"https:\/\/visegradlegal.hu\/en\/wp-json\/wp\/v2\/users\/4"}],"replies":[{"embeddable":true,"href":"https:\/\/visegradlegal.hu\/en\/wp-json\/wp\/v2\/comments?post=29076"}],"version-history":[{"count":0,"href":"https:\/\/visegradlegal.hu\/en\/wp-json\/wp\/v2\/posts\/29076\/revisions"}],"wp:featuredmedia":[{"embeddable":true,"href":"https:\/\/visegradlegal.hu\/en\/wp-json\/wp\/v2\/media\/29073"}],"wp:attachment":[{"href":"https:\/\/visegradlegal.hu\/en\/wp-json\/wp\/v2\/media?parent=29076"}],"wp:term":[{"taxonomy":"category","embeddable":true,"href":"https:\/\/visegradlegal.hu\/en\/wp-json\/wp\/v2\/categories?post=29076"},{"taxonomy":"post_tag","embeddable":true,"href":"https:\/\/visegradlegal.hu\/en\/wp-json\/wp\/v2\/tags?post=29076"}],"curies":[{"name":"wp","href":"https:\/\/api.w.org\/{rel}","templated":true}]}}