{"id":26534,"date":"2019-10-17T12:27:40","date_gmt":"2019-10-17T12:27:40","guid":{"rendered":"https:\/\/visegradlegal.hu\/?p=26534"},"modified":"2019-10-17T12:27:40","modified_gmt":"2019-10-17T12:27:40","slug":"european-cartel-case-before-a-hungarian-court","status":"publish","type":"post","link":"https:\/\/visegradlegal.hu\/en\/competition-law\/european-cartel-case-before-a-hungarian-court\/","title":{"rendered":"European cartel case before a Hungarian court?"},"content":{"rendered":"<p><strong>The European Court of Justice (ECJ) passed an iconic decision in a preliminary ruling procedure. A Hungarian company has sued for damages arising from a Europe-wide cartel case before a Hungarian court. The question was whether the case fell under Hungarian jurisdiction at all.<\/strong><\/p>\n<p>Normally, on a market where there are several similar products, the price increase of a product would make the consumers choose a similar one if it is able to replace the former. It obviously does not have a positive effect on the producer because they may lose customers, so no one likes to raise prices alone. In case of a cartel, the producers have a \u2018behind the scenes\u2019 agreement on selling their similar products on very similar \u2013 mostly same \u2013 prices. This leads to an inconvenient situation for the consumers \u2013 which is exactly why cartel is strictly prohibited in the entire European Union.<\/p>\n<p>In this particular case, a Hungarian company stated that they suffered damage due to a European truck cartel. Several big truck manufacturers took part in the cartel \u2013 MAN, Daimler, Iveco, Volvo and DAF. The peculiarity of the case was that the Hungarian company sued in Hungary before the Regional Court in Gy\u0151r which addressed the ECJ to answer if they have jurisdiction in the case at all.<\/p>\n<p>According to the ECJ, there was no impediment to continue the procedure in front of the Hungarian court. The ECJ underlined that injured parties of a cartel may pursue their claims in the jurisdiction where the distorted price had been applied \u2013 in this case in Hungary \u2013 <strong>even if the claim is against a cartel participant whom the injured party never was in any contractual relationship with<\/strong>.<\/p>\n<p>The ECJ decision constitutes a precedent because it states that it is not relevant from which cartel member the products were purchased from but <strong>any cartel member may be sued<\/strong>. <strong>The type of the contract by virtue of which the trucks had been used is irrelevant as well<\/strong> \u2013 although the defendant argued that the company leased the trucks and never owned them, so they were not in a position to suffer any damage. But the court ruled that the lessee actually suffered damage because the lessor could put their margin only on prices already increased by virtue of the cartel.<\/p>\n<p>The decision of ECJ has confirmed that <strong>in case of Europe-wide cartels, a lawsuit for compensation of damages caused by the cartel may be filed in the jurisdiction of the injured party<\/strong>.<\/p>\n","protected":false},"excerpt":{"rendered":"<p>The European Court of Justice (ECJ) passed an iconic decision in a preliminary ruling procedure. A Hungarian company has sued for damages arising from a Europe-wide cartel case before a Hungarian court. The question was whether the case fell under Hungarian jurisdiction at all. Normally, on a market where there are several similar products, the [&hellip;]<\/p>\n","protected":false},"author":1,"featured_media":26527,"comment_status":"closed","ping_status":"closed","sticky":false,"template":"","format":"standard","meta":{"_et_pb_use_builder":"","_et_pb_old_content":"","_et_gb_content_width":"","footnotes":""},"categories":[30],"tags":[360,359,239,361],"class_list":["post-26534","post","type-post","status-publish","format-standard","has-post-thumbnail","hentry","category-competition-law","tag-ecj","tag-european-court-of-justice","tag-hungary","tag-truck"],"yoast_head":"<!-- This site is optimized with the Yoast SEO plugin v27.2 - https:\/\/yoast.com\/product\/yoast-seo-wordpress\/ -->\n<title>European cartel case before a Hungarian court? - Ill\u00e9s&amp;N\u00e9meth Association of Lawyers<\/title>\n<meta name=\"description\" content=\"The ECJ passed an iconic decision in a case where a Hungarian company sued for damages arising from a Europe-wide cartel case before a Hungarian court.\" \/>\n<meta name=\"robots\" content=\"index, follow, max-snippet:-1, max-image-preview:large, max-video-preview:-1\" \/>\n<link rel=\"canonical\" href=\"https:\/\/visegradlegal.hu\/en\/competition-law\/european-cartel-case-before-a-hungarian-court\/\" \/>\n<meta property=\"og:locale\" content=\"en_US\" \/>\n<meta property=\"og:type\" content=\"article\" \/>\n<meta property=\"og:title\" content=\"European cartel case before a Hungarian court? - Ill\u00e9s&amp;N\u00e9meth Association of Lawyers\" \/>\n<meta property=\"og:description\" content=\"The ECJ passed an iconic decision in a case where a Hungarian company sued for damages arising from a Europe-wide cartel case before a Hungarian court.\" \/>\n<meta property=\"og:url\" content=\"https:\/\/visegradlegal.hu\/en\/competition-law\/european-cartel-case-before-a-hungarian-court\/\" \/>\n<meta property=\"og:site_name\" content=\"Ill\u00e9s&amp;N\u00e9meth Association of Lawyers\" \/>\n<meta property=\"article:published_time\" content=\"2019-10-17T12:27:40+00:00\" \/>\n<meta property=\"og:image\" content=\"https:\/\/visegradlegal.hu\/wp-content\/uploads\/2019\/10\/trucks-1024x682.jpg\" \/>\n\t<meta property=\"og:image:width\" content=\"1024\" \/>\n\t<meta property=\"og:image:height\" content=\"682\" \/>\n\t<meta property=\"og:image:type\" content=\"image\/jpeg\" \/>\n<meta name=\"author\" content=\"dr. Ill\u00e9s \u00c1d\u00e1m\" \/>\n<meta name=\"twitter:card\" content=\"summary_large_image\" \/>\n<meta name=\"twitter:label1\" content=\"Written by\" \/>\n\t<meta name=\"twitter:data1\" content=\"dr. Ill\u00e9s \u00c1d\u00e1m\" \/>\n\t<meta name=\"twitter:label2\" content=\"Est. reading time\" \/>\n\t<meta name=\"twitter:data2\" content=\"2 minutes\" \/>\n<script type=\"application\/ld+json\" class=\"yoast-schema-graph\">{\"@context\":\"https:\/\/schema.org\",\"@graph\":[{\"@type\":\"Article\",\"@id\":\"https:\/\/visegradlegal.hu\/en\/competition-law\/european-cartel-case-before-a-hungarian-court\/#article\",\"isPartOf\":{\"@id\":\"https:\/\/visegradlegal.hu\/en\/competition-law\/european-cartel-case-before-a-hungarian-court\/\"},\"author\":{\"name\":\"dr. Ill\u00e9s \u00c1d\u00e1m\",\"@id\":\"https:\/\/visegradlegal.hu\/#\/schema\/person\/f0fef0ef3ec20308913ee1d909780958\"},\"headline\":\"European cartel case before a Hungarian court?\",\"datePublished\":\"2019-10-17T12:27:40+00:00\",\"mainEntityOfPage\":{\"@id\":\"https:\/\/visegradlegal.hu\/en\/competition-law\/european-cartel-case-before-a-hungarian-court\/\"},\"wordCount\":419,\"image\":{\"@id\":\"https:\/\/visegradlegal.hu\/en\/competition-law\/european-cartel-case-before-a-hungarian-court\/#primaryimage\"},\"thumbnailUrl\":\"https:\/\/visegradlegal.hu\/wp-content\/uploads\/2019\/10\/trucks.jpg\",\"keywords\":[\"ECJ\",\"European Court of Justice\",\"Hungary\",\"truck\"],\"articleSection\":[\"Competition Law\"],\"inLanguage\":\"en-US\"},{\"@type\":\"WebPage\",\"@id\":\"https:\/\/visegradlegal.hu\/en\/competition-law\/european-cartel-case-before-a-hungarian-court\/\",\"url\":\"https:\/\/visegradlegal.hu\/en\/competition-law\/european-cartel-case-before-a-hungarian-court\/\",\"name\":\"European cartel case before a Hungarian court? - Ill\u00e9s&N\u00e9meth Association of Lawyers\",\"isPartOf\":{\"@id\":\"https:\/\/visegradlegal.hu\/#website\"},\"primaryImageOfPage\":{\"@id\":\"https:\/\/visegradlegal.hu\/en\/competition-law\/european-cartel-case-before-a-hungarian-court\/#primaryimage\"},\"image\":{\"@id\":\"https:\/\/visegradlegal.hu\/en\/competition-law\/european-cartel-case-before-a-hungarian-court\/#primaryimage\"},\"thumbnailUrl\":\"https:\/\/visegradlegal.hu\/wp-content\/uploads\/2019\/10\/trucks.jpg\",\"datePublished\":\"2019-10-17T12:27:40+00:00\",\"author\":{\"@id\":\"https:\/\/visegradlegal.hu\/#\/schema\/person\/f0fef0ef3ec20308913ee1d909780958\"},\"description\":\"The ECJ passed an iconic decision in a case where a Hungarian company sued for damages arising from a Europe-wide cartel case before a Hungarian court.\",\"breadcrumb\":{\"@id\":\"https:\/\/visegradlegal.hu\/en\/competition-law\/european-cartel-case-before-a-hungarian-court\/#breadcrumb\"},\"inLanguage\":\"en-US\",\"potentialAction\":[{\"@type\":\"ReadAction\",\"target\":[\"https:\/\/visegradlegal.hu\/en\/competition-law\/european-cartel-case-before-a-hungarian-court\/\"]}]},{\"@type\":\"ImageObject\",\"inLanguage\":\"en-US\",\"@id\":\"https:\/\/visegradlegal.hu\/en\/competition-law\/european-cartel-case-before-a-hungarian-court\/#primaryimage\",\"url\":\"https:\/\/visegradlegal.hu\/wp-content\/uploads\/2019\/10\/trucks.jpg\",\"contentUrl\":\"https:\/\/visegradlegal.hu\/wp-content\/uploads\/2019\/10\/trucks.jpg\",\"width\":5464,\"height\":3640,\"caption\":\"cartel of truck manufacturers\"},{\"@type\":\"BreadcrumbList\",\"@id\":\"https:\/\/visegradlegal.hu\/en\/competition-law\/european-cartel-case-before-a-hungarian-court\/#breadcrumb\",\"itemListElement\":[{\"@type\":\"ListItem\",\"position\":1,\"name\":\"Home\",\"item\":\"https:\/\/visegradlegal.hu\/\"},{\"@type\":\"ListItem\",\"position\":2,\"name\":\"European cartel case before a Hungarian court?\"}]},{\"@type\":\"WebSite\",\"@id\":\"https:\/\/visegradlegal.hu\/#website\",\"url\":\"https:\/\/visegradlegal.hu\/\",\"name\":\"Ill\u00e9s&N\u00e9meth Association of Lawyers\",\"description\":\"\",\"potentialAction\":[{\"@type\":\"SearchAction\",\"target\":{\"@type\":\"EntryPoint\",\"urlTemplate\":\"https:\/\/visegradlegal.hu\/?s={search_term_string}\"},\"query-input\":{\"@type\":\"PropertyValueSpecification\",\"valueRequired\":true,\"valueName\":\"search_term_string\"}}],\"inLanguage\":\"en-US\"},{\"@type\":\"Person\",\"@id\":\"https:\/\/visegradlegal.hu\/#\/schema\/person\/f0fef0ef3ec20308913ee1d909780958\",\"name\":\"dr. Ill\u00e9s \u00c1d\u00e1m\",\"image\":{\"@type\":\"ImageObject\",\"inLanguage\":\"en-US\",\"@id\":\"https:\/\/secure.gravatar.com\/avatar\/347a905c0860aaf34650db19625beeb4cfc4347b5df0d66ef80381817b31b53c?s=96&r=g\",\"url\":\"https:\/\/secure.gravatar.com\/avatar\/347a905c0860aaf34650db19625beeb4cfc4347b5df0d66ef80381817b31b53c?s=96&r=g\",\"contentUrl\":\"https:\/\/secure.gravatar.com\/avatar\/347a905c0860aaf34650db19625beeb4cfc4347b5df0d66ef80381817b31b53c?s=96&r=g\",\"caption\":\"dr. Ill\u00e9s \u00c1d\u00e1m\"}}]}<\/script>\n<!-- \/ Yoast SEO plugin. -->","yoast_head_json":{"title":"European cartel case before a Hungarian court? - Ill\u00e9s&N\u00e9meth Association of Lawyers","description":"The ECJ passed an iconic decision in a case where a Hungarian company sued for damages arising from a Europe-wide cartel case before a Hungarian court.","robots":{"index":"index","follow":"follow","max-snippet":"max-snippet:-1","max-image-preview":"max-image-preview:large","max-video-preview":"max-video-preview:-1"},"canonical":"https:\/\/visegradlegal.hu\/en\/competition-law\/european-cartel-case-before-a-hungarian-court\/","og_locale":"en_US","og_type":"article","og_title":"European cartel case before a Hungarian court? - Ill\u00e9s&N\u00e9meth Association of Lawyers","og_description":"The ECJ passed an iconic decision in a case where a Hungarian company sued for damages arising from a Europe-wide cartel case before a Hungarian court.","og_url":"https:\/\/visegradlegal.hu\/en\/competition-law\/european-cartel-case-before-a-hungarian-court\/","og_site_name":"Ill\u00e9s&N\u00e9meth Association of Lawyers","article_published_time":"2019-10-17T12:27:40+00:00","og_image":[{"width":1024,"height":682,"url":"https:\/\/visegradlegal.hu\/wp-content\/uploads\/2019\/10\/trucks-1024x682.jpg","type":"image\/jpeg"}],"author":"dr. Ill\u00e9s \u00c1d\u00e1m","twitter_card":"summary_large_image","twitter_misc":{"Written by":"dr. Ill\u00e9s \u00c1d\u00e1m","Est. reading time":"2 minutes"},"schema":{"@context":"https:\/\/schema.org","@graph":[{"@type":"Article","@id":"https:\/\/visegradlegal.hu\/en\/competition-law\/european-cartel-case-before-a-hungarian-court\/#article","isPartOf":{"@id":"https:\/\/visegradlegal.hu\/en\/competition-law\/european-cartel-case-before-a-hungarian-court\/"},"author":{"name":"dr. Ill\u00e9s \u00c1d\u00e1m","@id":"https:\/\/visegradlegal.hu\/#\/schema\/person\/f0fef0ef3ec20308913ee1d909780958"},"headline":"European cartel case before a Hungarian court?","datePublished":"2019-10-17T12:27:40+00:00","mainEntityOfPage":{"@id":"https:\/\/visegradlegal.hu\/en\/competition-law\/european-cartel-case-before-a-hungarian-court\/"},"wordCount":419,"image":{"@id":"https:\/\/visegradlegal.hu\/en\/competition-law\/european-cartel-case-before-a-hungarian-court\/#primaryimage"},"thumbnailUrl":"https:\/\/visegradlegal.hu\/wp-content\/uploads\/2019\/10\/trucks.jpg","keywords":["ECJ","European Court of Justice","Hungary","truck"],"articleSection":["Competition Law"],"inLanguage":"en-US"},{"@type":"WebPage","@id":"https:\/\/visegradlegal.hu\/en\/competition-law\/european-cartel-case-before-a-hungarian-court\/","url":"https:\/\/visegradlegal.hu\/en\/competition-law\/european-cartel-case-before-a-hungarian-court\/","name":"European cartel case before a Hungarian court? - Ill\u00e9s&N\u00e9meth Association of Lawyers","isPartOf":{"@id":"https:\/\/visegradlegal.hu\/#website"},"primaryImageOfPage":{"@id":"https:\/\/visegradlegal.hu\/en\/competition-law\/european-cartel-case-before-a-hungarian-court\/#primaryimage"},"image":{"@id":"https:\/\/visegradlegal.hu\/en\/competition-law\/european-cartel-case-before-a-hungarian-court\/#primaryimage"},"thumbnailUrl":"https:\/\/visegradlegal.hu\/wp-content\/uploads\/2019\/10\/trucks.jpg","datePublished":"2019-10-17T12:27:40+00:00","author":{"@id":"https:\/\/visegradlegal.hu\/#\/schema\/person\/f0fef0ef3ec20308913ee1d909780958"},"description":"The ECJ passed an iconic decision in a case where a Hungarian company sued for damages arising from a Europe-wide cartel case before a Hungarian court.","breadcrumb":{"@id":"https:\/\/visegradlegal.hu\/en\/competition-law\/european-cartel-case-before-a-hungarian-court\/#breadcrumb"},"inLanguage":"en-US","potentialAction":[{"@type":"ReadAction","target":["https:\/\/visegradlegal.hu\/en\/competition-law\/european-cartel-case-before-a-hungarian-court\/"]}]},{"@type":"ImageObject","inLanguage":"en-US","@id":"https:\/\/visegradlegal.hu\/en\/competition-law\/european-cartel-case-before-a-hungarian-court\/#primaryimage","url":"https:\/\/visegradlegal.hu\/wp-content\/uploads\/2019\/10\/trucks.jpg","contentUrl":"https:\/\/visegradlegal.hu\/wp-content\/uploads\/2019\/10\/trucks.jpg","width":5464,"height":3640,"caption":"cartel of truck manufacturers"},{"@type":"BreadcrumbList","@id":"https:\/\/visegradlegal.hu\/en\/competition-law\/european-cartel-case-before-a-hungarian-court\/#breadcrumb","itemListElement":[{"@type":"ListItem","position":1,"name":"Home","item":"https:\/\/visegradlegal.hu\/"},{"@type":"ListItem","position":2,"name":"European cartel case before a Hungarian court?"}]},{"@type":"WebSite","@id":"https:\/\/visegradlegal.hu\/#website","url":"https:\/\/visegradlegal.hu\/","name":"Ill\u00e9s&N\u00e9meth Association of Lawyers","description":"","potentialAction":[{"@type":"SearchAction","target":{"@type":"EntryPoint","urlTemplate":"https:\/\/visegradlegal.hu\/?s={search_term_string}"},"query-input":{"@type":"PropertyValueSpecification","valueRequired":true,"valueName":"search_term_string"}}],"inLanguage":"en-US"},{"@type":"Person","@id":"https:\/\/visegradlegal.hu\/#\/schema\/person\/f0fef0ef3ec20308913ee1d909780958","name":"dr. Ill\u00e9s \u00c1d\u00e1m","image":{"@type":"ImageObject","inLanguage":"en-US","@id":"https:\/\/secure.gravatar.com\/avatar\/347a905c0860aaf34650db19625beeb4cfc4347b5df0d66ef80381817b31b53c?s=96&r=g","url":"https:\/\/secure.gravatar.com\/avatar\/347a905c0860aaf34650db19625beeb4cfc4347b5df0d66ef80381817b31b53c?s=96&r=g","contentUrl":"https:\/\/secure.gravatar.com\/avatar\/347a905c0860aaf34650db19625beeb4cfc4347b5df0d66ef80381817b31b53c?s=96&r=g","caption":"dr. Ill\u00e9s \u00c1d\u00e1m"}}]}},"_links":{"self":[{"href":"https:\/\/visegradlegal.hu\/en\/wp-json\/wp\/v2\/posts\/26534","targetHints":{"allow":["GET"]}}],"collection":[{"href":"https:\/\/visegradlegal.hu\/en\/wp-json\/wp\/v2\/posts"}],"about":[{"href":"https:\/\/visegradlegal.hu\/en\/wp-json\/wp\/v2\/types\/post"}],"author":[{"embeddable":true,"href":"https:\/\/visegradlegal.hu\/en\/wp-json\/wp\/v2\/users\/1"}],"replies":[{"embeddable":true,"href":"https:\/\/visegradlegal.hu\/en\/wp-json\/wp\/v2\/comments?post=26534"}],"version-history":[{"count":0,"href":"https:\/\/visegradlegal.hu\/en\/wp-json\/wp\/v2\/posts\/26534\/revisions"}],"wp:featuredmedia":[{"embeddable":true,"href":"https:\/\/visegradlegal.hu\/en\/wp-json\/wp\/v2\/media\/26527"}],"wp:attachment":[{"href":"https:\/\/visegradlegal.hu\/en\/wp-json\/wp\/v2\/media?parent=26534"}],"wp:term":[{"taxonomy":"category","embeddable":true,"href":"https:\/\/visegradlegal.hu\/en\/wp-json\/wp\/v2\/categories?post=26534"},{"taxonomy":"post_tag","embeddable":true,"href":"https:\/\/visegradlegal.hu\/en\/wp-json\/wp\/v2\/tags?post=26534"}],"curies":[{"name":"wp","href":"https:\/\/api.w.org\/{rel}","templated":true}]}}